{"id":1540,"date":"2026-03-10T17:29:15","date_gmt":"2026-03-10T22:29:15","guid":{"rendered":"https:\/\/manuela.org.pe\/?p=1540"},"modified":"2026-03-12T16:18:56","modified_gmt":"2026-03-12T21:18:56","slug":"huancavelica-le-dice-no-al-acoso-politico","status":"publish","type":"post","link":"https:\/\/manuela.org.pe\/en\/huancavelica-le-dice-no-al-acoso-politico\/","title":{"rendered":"Huancavelica le dice NO al acoso pol\u00edtico"},"content":{"rendered":"<p>Con la aprobaci\u00f3n de la <strong>Ordenanza Regional N.\u00ba 559<\/strong>, se reconoce al acoso pol\u00edtico como una forma de violencia de g\u00e9nero de atenci\u00f3n urgente en el territorio y, adem\u00e1s, se establecen mecanismos para su prevenci\u00f3n, sanci\u00f3n y erradicaci\u00f3n.<br><br>Esta importante norma fue impulsada por la <strong>Red de Mujeres de la Regi\u00f3n Huancavelica<\/strong> y el <strong>Movimiento Manuela Ramos<\/strong>.<\/p>\n\n\n\n<figure class=\"wp-block-image size-full is-resized\"><img loading=\"lazy\" decoding=\"async\" width=\"768\" height=\"372\" src=\"https:\/\/manuela.org.pe\/wp-content\/uploads\/2026\/03\/Portada-Blog-Feminista-7.png\" alt=\"\" class=\"wp-image-1566\" style=\"width:1200px;height:auto\" srcset=\"https:\/\/manuela.org.pe\/wp-content\/uploads\/2026\/03\/Portada-Blog-Feminista-7.png 768w, https:\/\/manuela.org.pe\/wp-content\/uploads\/2026\/03\/Portada-Blog-Feminista-7-300x145.png 300w, https:\/\/manuela.org.pe\/wp-content\/uploads\/2026\/03\/Portada-Blog-Feminista-7-18x9.png 18w\" sizes=\"auto, (max-width: 768px) 100vw, 768px\" \/><\/figure>\n\n\n\n<p>A su vez, aludamos la voluntad pol\u00edtica de las\/os consejeras\/os del <strong>Gobierno Regional de Huancavelica<\/strong>, quienes aprobaron esta ordenanza; y, a la Gerencia de Desarrollo Social y la Subgerencia de Comunidades Campesinas, Participaci\u00f3n Ciudadana e Inclusi\u00f3n Social por el impulso a la norma.<\/p>\n\n\n\n<figure class=\"wp-block-image size-full is-resized\"><img loading=\"lazy\" decoding=\"async\" width=\"768\" height=\"372\" src=\"https:\/\/manuela.org.pe\/wp-content\/uploads\/2026\/03\/Portada-Blog-Feminista-1-1.png\" alt=\"\" class=\"wp-image-1567\" style=\"width:1200px;height:auto\" srcset=\"https:\/\/manuela.org.pe\/wp-content\/uploads\/2026\/03\/Portada-Blog-Feminista-1-1.png 768w, https:\/\/manuela.org.pe\/wp-content\/uploads\/2026\/03\/Portada-Blog-Feminista-1-1-300x145.png 300w, https:\/\/manuela.org.pe\/wp-content\/uploads\/2026\/03\/Portada-Blog-Feminista-1-1-18x9.png 18w\" sizes=\"auto, (max-width: 768px) 100vw, 768px\" \/><\/figure>\n\n\n\n<p><br>De esta manera, seguimos luchando para que nuestro derecho a vidas libres de violencias sea respetado.<\/p>\n\n\n\n<p><br>\ud83d\udd17 Lee aqu\u00ed la iniciativa completa: <a href=\"https:\/\/goo.su\/1xUSH\">https:\/\/goo.su\/1xUSH<\/a><\/p>\n\n\n\n<p><\/p>","protected":false},"excerpt":{"rendered":"<p>Con la aprobaci\u00f3n de la Ordenanza Regional N.\u00ba 559, se reconoce al acoso pol\u00edtico como una forma de violencia de g\u00e9nero de atenci\u00f3n urgente en el territorio y, adem\u00e1s, se establecen mecanismos para su prevenci\u00f3n, sanci\u00f3n y erradicaci\u00f3n. Esta importante norma fue impulsada por la Red de Mujeres de la Regi\u00f3n Huancavelica y el Movimiento [&hellip;]<\/p>\n","protected":false},"author":1,"featured_media":1554,"comment_status":"open","ping_status":"open","sticky":false,"template":"","format":"standard","meta":{"footnotes":""},"categories":[1],"tags":[],"class_list":["post-1540","post","type-post","status-publish","format-standard","has-post-thumbnail","hentry","category-sin-categoria"],"_links":{"self":[{"href":"https:\/\/manuela.org.pe\/en\/wp-json\/wp\/v2\/posts\/1540","targetHints":{"allow":["GET"]}}],"collection":[{"href":"https:\/\/manuela.org.pe\/en\/wp-json\/wp\/v2\/posts"}],"about":[{"href":"https:\/\/manuela.org.pe\/en\/wp-json\/wp\/v2\/types\/post"}],"author":[{"embeddable":true,"href":"https:\/\/manuela.org.pe\/en\/wp-json\/wp\/v2\/users\/1"}],"replies":[{"embeddable":true,"href":"https:\/\/manuela.org.pe\/en\/wp-json\/wp\/v2\/comments?post=1540"}],"version-history":[{"count":5,"href":"https:\/\/manuela.org.pe\/en\/wp-json\/wp\/v2\/posts\/1540\/revisions"}],"predecessor-version":[{"id":1574,"href":"https:\/\/manuela.org.pe\/en\/wp-json\/wp\/v2\/posts\/1540\/revisions\/1574"}],"wp:featuredmedia":[{"embeddable":true,"href":"https:\/\/manuela.org.pe\/en\/wp-json\/wp\/v2\/media\/1554"}],"wp:attachment":[{"href":"https:\/\/manuela.org.pe\/en\/wp-json\/wp\/v2\/media?parent=1540"}],"wp:term":[{"taxonomy":"category","embeddable":true,"href":"https:\/\/manuela.org.pe\/en\/wp-json\/wp\/v2\/categories?post=1540"},{"taxonomy":"post_tag","embeddable":true,"href":"https:\/\/manuela.org.pe\/en\/wp-json\/wp\/v2\/tags?post=1540"}],"curies":[{"name":"wp","href":"https:\/\/api.w.org\/{rel}","templated":true}]}}