{"id":1556,"date":"2026-03-12T16:09:55","date_gmt":"2026-03-12T21:09:55","guid":{"rendered":"https:\/\/manuela.org.pe\/?p=1556"},"modified":"2026-03-12T16:10:47","modified_gmt":"2026-03-12T21:10:47","slug":"8m-de-lucha-en-las-calles-y-en-las-urnas","status":"publish","type":"post","link":"https:\/\/manuela.org.pe\/en\/8m-de-lucha-en-las-calles-y-en-las-urnas\/","title":{"rendered":"8M de lucha en las calles y en las urnas"},"content":{"rendered":"<p>El 8 de marzo es una fecha para conmemorar los a\u00f1os de lucha en la defensa de nuestros derechos de quienes nos precedieron, pero tambi\u00e9n para recordar la deuda estructural que el Estado y la sociedad a\u00fan mantienen con las mujeres en toda su diversidad. Desde el <strong>Movimiento Manuela Ramos<\/strong> nos sumamos al <strong>D\u00eda de la Mujer Trabajadora <\/strong>en las calles de todo el Per\u00fa, reconociendo que la precariedad, la violencia y la desigualdad siguen marcando nuestras vidas.<\/p>\n\n\n\n<figure class=\"wp-block-image size-full is-resized\"><img loading=\"lazy\" decoding=\"async\" width=\"768\" height=\"372\" src=\"https:\/\/manuela.org.pe\/wp-content\/uploads\/2026\/03\/Portada-Blog-Feminista-4.png\" alt=\"\" class=\"wp-image-1559\" style=\"width:1200px;height:auto\" srcset=\"https:\/\/manuela.org.pe\/wp-content\/uploads\/2026\/03\/Portada-Blog-Feminista-4.png 768w, https:\/\/manuela.org.pe\/wp-content\/uploads\/2026\/03\/Portada-Blog-Feminista-4-300x145.png 300w, https:\/\/manuela.org.pe\/wp-content\/uploads\/2026\/03\/Portada-Blog-Feminista-4-18x9.png 18w\" sizes=\"auto, (max-width: 768px) 100vw, 768px\" \/><\/figure>\n\n\n\n<p>Este 2026, nuestra participaci\u00f3n institucional se articul\u00f3 a trav\u00e9s de la campa\u00f1a <strong>#NuestroVotoImporta<\/strong>, que surgi\u00f3 ante la urgencia de cuestionar a quienes ocupan hoy los espacios de poder y su papel en avalar los retrocesos que amenazan nuestros derechos. Porque votar no es un acto simb\u00f3lico: es una acci\u00f3n pol\u00edtica de defensa. Frente a la impunidad, exigimos que nuestro voto se traduzca en acciones reales para combatir la violencia de g\u00e9nero, no en promesas de campa\u00f1a.<\/p>\n\n\n\n<figure class=\"wp-block-image size-full is-resized\"><img loading=\"lazy\" decoding=\"async\" width=\"768\" height=\"372\" src=\"https:\/\/manuela.org.pe\/wp-content\/uploads\/2026\/03\/Portada-Blog-Feminista-6.png\" alt=\"\" class=\"wp-image-1561\" style=\"width:1200px;height:auto\" srcset=\"https:\/\/manuela.org.pe\/wp-content\/uploads\/2026\/03\/Portada-Blog-Feminista-6.png 768w, https:\/\/manuela.org.pe\/wp-content\/uploads\/2026\/03\/Portada-Blog-Feminista-6-300x145.png 300w, https:\/\/manuela.org.pe\/wp-content\/uploads\/2026\/03\/Portada-Blog-Feminista-6-18x9.png 18w\" sizes=\"auto, (max-width: 768px) 100vw, 768px\" \/><\/figure>\n\n\n\n<p>Este <strong>8M<\/strong> marchamos porque el sistema sigue ignorando nuestras demandas, pese a que <strong>somos m\u00e1s de la mitad del padr\u00f3n electoral<\/strong>. Porque no solo queremos reconocimiento, queremos que se respeten nuestros derechos. No solo queremos ser escuchadas, tambi\u00e9n queremos decidir.<\/p>\n\n\n\n<p>Las Manuelas salimos a las calles <strong>con la memoria intacta<\/strong>, llevando nuestras consignas directamente a las urnas. Para recordar a todas las mujeres y diversidades que nuestro voto tiene poder, que nuestro voto construye democracia, que <strong>nuestro voto importa por la igualdad y la no discriminaci\u00f3n.<\/strong><\/p>\n\n\n\n<figure class=\"wp-block-image size-full is-resized\"><img loading=\"lazy\" decoding=\"async\" width=\"768\" height=\"372\" src=\"https:\/\/manuela.org.pe\/wp-content\/uploads\/2026\/03\/Portada-Blog-Feminista-5.png\" alt=\"\" class=\"wp-image-1560\" style=\"width:1200px;height:auto\" srcset=\"https:\/\/manuela.org.pe\/wp-content\/uploads\/2026\/03\/Portada-Blog-Feminista-5.png 768w, https:\/\/manuela.org.pe\/wp-content\/uploads\/2026\/03\/Portada-Blog-Feminista-5-300x145.png 300w, https:\/\/manuela.org.pe\/wp-content\/uploads\/2026\/03\/Portada-Blog-Feminista-5-18x9.png 18w\" sizes=\"auto, (max-width: 768px) 100vw, 768px\" \/><\/figure>","protected":false},"excerpt":{"rendered":"<p>El 8 de marzo es una fecha para conmemorar los a\u00f1os de lucha en la defensa de nuestros derechos de quienes nos precedieron, pero tambi\u00e9n para recordar la deuda estructural que el Estado y la sociedad a\u00fan mantienen con las mujeres en toda su diversidad. Desde el Movimiento Manuela Ramos nos sumamos al D\u00eda de [&hellip;]<\/p>\n","protected":false},"author":1,"featured_media":1557,"comment_status":"open","ping_status":"open","sticky":false,"template":"","format":"standard","meta":{"footnotes":""},"categories":[1],"tags":[],"class_list":["post-1556","post","type-post","status-publish","format-standard","has-post-thumbnail","hentry","category-sin-categoria"],"_links":{"self":[{"href":"https:\/\/manuela.org.pe\/en\/wp-json\/wp\/v2\/posts\/1556","targetHints":{"allow":["GET"]}}],"collection":[{"href":"https:\/\/manuela.org.pe\/en\/wp-json\/wp\/v2\/posts"}],"about":[{"href":"https:\/\/manuela.org.pe\/en\/wp-json\/wp\/v2\/types\/post"}],"author":[{"embeddable":true,"href":"https:\/\/manuela.org.pe\/en\/wp-json\/wp\/v2\/users\/1"}],"replies":[{"embeddable":true,"href":"https:\/\/manuela.org.pe\/en\/wp-json\/wp\/v2\/comments?post=1556"}],"version-history":[{"count":2,"href":"https:\/\/manuela.org.pe\/en\/wp-json\/wp\/v2\/posts\/1556\/revisions"}],"predecessor-version":[{"id":1564,"href":"https:\/\/manuela.org.pe\/en\/wp-json\/wp\/v2\/posts\/1556\/revisions\/1564"}],"wp:featuredmedia":[{"embeddable":true,"href":"https:\/\/manuela.org.pe\/en\/wp-json\/wp\/v2\/media\/1557"}],"wp:attachment":[{"href":"https:\/\/manuela.org.pe\/en\/wp-json\/wp\/v2\/media?parent=1556"}],"wp:term":[{"taxonomy":"category","embeddable":true,"href":"https:\/\/manuela.org.pe\/en\/wp-json\/wp\/v2\/categories?post=1556"},{"taxonomy":"post_tag","embeddable":true,"href":"https:\/\/manuela.org.pe\/en\/wp-json\/wp\/v2\/tags?post=1556"}],"curies":[{"name":"wp","href":"https:\/\/api.w.org\/{rel}","templated":true}]}}