{"id":1709,"date":"2026-09-02T16:50:22","date_gmt":"2026-09-02T21:50:22","guid":{"rendered":"https:\/\/manuela.org.pe\/?p=1709"},"modified":"2026-09-02T16:51:14","modified_gmt":"2026-09-02T21:51:14","slug":"organizaciones-feministas-y-de-derechos-humanos-dialogan-con-congresistas-para-impulsar-una-agenda-por-la-igualdad","status":"publish","type":"post","link":"https:\/\/manuela.org.pe\/en\/organizaciones-feministas-y-de-derechos-humanos-dialogan-con-congresistas-para-impulsar-una-agenda-por-la-igualdad\/","title":{"rendered":"Organizaciones feministas y de DDHH dialogan con congresistas para impulsar una agenda por la igualdad"},"content":{"rendered":"<p class=\"wp-block-paragraph\">El 2 de setiembre, organizaciones y articulaciones feministas y de derechos humanos se reunieron con senadoras, senadores, diputadas y diputados en un espacio de di\u00e1logo orientado a impulsar una<strong> agenda legislativa por la igualdad de g\u00e9nero <\/strong>y los derechos de las mujeres y diversidades.<\/p>\n\n\n\n<p class=\"wp-block-paragraph\">El encuentro fue convocado por <strong>Las Lilas<\/strong>, articulaci\u00f3n de la cual somos parte, junto con CLADEM-Per\u00fa, Las Tejedoras, Somos la Mitad, Queremos Paridad sin Acoso Pol\u00edtico y la Alianza S\u00ed Podemos por la ESI, con el prop\u00f3sito de compartir prioridades, alertar sobre posibles retrocesos y promover compromisos frente al nuevo escenario legislativo.<\/p>\n\n\n\n<figure class=\"wp-block-image size-full is-resized\"><img loading=\"lazy\" decoding=\"async\" width=\"768\" height=\"372\" src=\"https:\/\/manuela.org.pe\/wp-content\/uploads\/2026\/09\/blog-2.png\" alt=\"\" class=\"wp-image-1711\" style=\"width:1200px;height:auto\" srcset=\"https:\/\/manuela.org.pe\/wp-content\/uploads\/2026\/09\/blog-2.png 768w, https:\/\/manuela.org.pe\/wp-content\/uploads\/2026\/09\/blog-2-300x145.png 300w, https:\/\/manuela.org.pe\/wp-content\/uploads\/2026\/09\/blog-2-18x9.png 18w\" sizes=\"auto, (max-width: 768px) 100vw, 768px\" \/><\/figure>\n\n\n\n<p class=\"wp-block-paragraph\">Durante la jornada se abordaron las principales preocupaciones en materia de <strong>derechos de ni\u00f1as, adolescentes y mujeres<\/strong>, as\u00ed como iniciativas que requieren impulso, respaldo y vigilancia. Asimismo, se plante\u00f3 la importancia de mantener un di\u00e1logo permanente entre las organizaciones de la sociedad civil y congresistas comprometidas\/os con la igualdad.<\/p>\n\n\n\n<p class=\"wp-block-paragraph\">El espacio permiti\u00f3 identificar coincidencias y fortalecer estrategias de articulaci\u00f3n para que la defensa de los derechos y la igualdad de g\u00e9nero formen parte de la agenda del nuevo<strong> Congreso bicameral 2026-2031<\/strong>.<\/p>\n\n\n\n<figure class=\"wp-block-image size-full is-resized\"><img loading=\"lazy\" decoding=\"async\" width=\"768\" height=\"372\" src=\"https:\/\/manuela.org.pe\/wp-content\/uploads\/2026\/09\/blog-3.png\" alt=\"\" class=\"wp-image-1712\" style=\"width:1200px;height:auto\" srcset=\"https:\/\/manuela.org.pe\/wp-content\/uploads\/2026\/09\/blog-3.png 768w, https:\/\/manuela.org.pe\/wp-content\/uploads\/2026\/09\/blog-3-300x145.png 300w, https:\/\/manuela.org.pe\/wp-content\/uploads\/2026\/09\/blog-3-18x9.png 18w\" sizes=\"auto, (max-width: 768px) 100vw, 768px\" \/><\/figure>","protected":false},"excerpt":{"rendered":"<p>El 2 de setiembre, organizaciones y articulaciones feministas y de derechos humanos se reunieron con senadoras, senadores, diputadas y diputados en un espacio de di\u00e1logo orientado a impulsar una agenda legislativa por la igualdad de g\u00e9nero y los derechos de las mujeres y diversidades. El encuentro fue convocado por Las Lilas, articulaci\u00f3n de la cual [&hellip;]<\/p>\n","protected":false},"author":1,"featured_media":1710,"comment_status":"open","ping_status":"open","sticky":false,"template":"","format":"standard","meta":{"footnotes":""},"categories":[1],"tags":[],"class_list":["post-1709","post","type-post","status-publish","format-standard","has-post-thumbnail","hentry","category-sin-categoria"],"_links":{"self":[{"href":"https:\/\/manuela.org.pe\/en\/wp-json\/wp\/v2\/posts\/1709","targetHints":{"allow":["GET"]}}],"collection":[{"href":"https:\/\/manuela.org.pe\/en\/wp-json\/wp\/v2\/posts"}],"about":[{"href":"https:\/\/manuela.org.pe\/en\/wp-json\/wp\/v2\/types\/post"}],"author":[{"embeddable":true,"href":"https:\/\/manuela.org.pe\/en\/wp-json\/wp\/v2\/users\/1"}],"replies":[{"embeddable":true,"href":"https:\/\/manuela.org.pe\/en\/wp-json\/wp\/v2\/comments?post=1709"}],"version-history":[{"count":3,"href":"https:\/\/manuela.org.pe\/en\/wp-json\/wp\/v2\/posts\/1709\/revisions"}],"predecessor-version":[{"id":1715,"href":"https:\/\/manuela.org.pe\/en\/wp-json\/wp\/v2\/posts\/1709\/revisions\/1715"}],"wp:featuredmedia":[{"embeddable":true,"href":"https:\/\/manuela.org.pe\/en\/wp-json\/wp\/v2\/media\/1710"}],"wp:attachment":[{"href":"https:\/\/manuela.org.pe\/en\/wp-json\/wp\/v2\/media?parent=1709"}],"wp:term":[{"taxonomy":"category","embeddable":true,"href":"https:\/\/manuela.org.pe\/en\/wp-json\/wp\/v2\/categories?post=1709"},{"taxonomy":"post_tag","embeddable":true,"href":"https:\/\/manuela.org.pe\/en\/wp-json\/wp\/v2\/tags?post=1709"}],"curies":[{"name":"wp","href":"https:\/\/api.w.org\/{rel}","templated":true}]}}